{"id":14486,"date":"2023-12-14T10:57:00","date_gmt":"2023-12-14T10:57:00","guid":{"rendered":"https:\/\/deutermanlaw.com\/?p=14486"},"modified":"2023-12-15T15:27:26","modified_gmt":"2023-12-15T15:27:26","slug":"disability-benefits-and-invisible-disabilities","status":"publish","type":"post","link":"https:\/\/deutermanlaw.com\/es\/prestaciones-de-invalidez-y-discapacidades-invisibles\/","title":{"rendered":"Prestaciones por incapacidad y discapacidades invisibles"},"content":{"rendered":"<blockquote class=\"instagram-media\" style=\"background: #FFF; border: 0; border-radius: 3px; box-shadow: 0 0 1px 0 rgba(0,0,0,0.5),0 1px 10px 0 rgba(0,0,0,0.15); margin: 1px; max-width: 540px; min-width: 326px; padding: 0; width: calc(100% - 2px);\" data-instgrm-captioned=\"\" data-instgrm-permalink=\"https:\/\/www.instagram.com\/reel\/CyobBNwvuUg\/?utm_source=ig_embed&amp;utm_campaign=loading\" data-instgrm-version=\"14\">\n<div style=\"padding: 16px;\">\n<div style=\"display: flex; flex-direction: row; align-items: center;\">\n<div style=\"background-color: #f4f4f4; border-radius: 50%; flex-grow: 0; height: 40px; margin-right: 14px; width: 40px;\">\u00a0<\/div>\n<div style=\"display: flex; flex-direction: column; flex-grow: 1; justify-content: center;\">\n<div style=\"background-color: #f4f4f4; border-radius: 4px; flex-grow: 0; height: 14px; margin-bottom: 6px; width: 100px;\">\u00a0<\/div>\n<div style=\"background-color: #f4f4f4; border-radius: 4px; flex-grow: 0; height: 14px; width: 60px;\">\u00a0<\/div>\n<\/div>\n<\/div>\n<div style=\"padding: 19% 0;\">\u00a0<\/div>\n<div style=\"display: block; height: 50px; margin: 0 auto 12px; width: 50px;\">\u00a0<\/div>\n<div style=\"padding-top: 8px;\">\n<div style=\"color: #3897f0; font-family: Arial,sans-serif; font-size: 14px; font-style: normal; font-weight: 550; line-height: 18px;\">Ver esta publicaci\u00f3n en Instagram<\/div>\n<\/div>\n<div style=\"padding: 12.5% 0;\">\u00a0<\/div>\n<div style=\"display: flex; flex-direction: row; margin-bottom: 14px; align-items: center;\">\n<div>\n<div style=\"background-color: #f4f4f4; border-radius: 50%; height: 12.5px; width: 12.5px; transform: translateX(0px) translateY(7px);\">\u00a0<\/div>\n<div style=\"background-color: #f4f4f4; height: 12.5px; transform: rotate(-45deg) translateX(3px) translateY(1px); width: 12.5px; flex-grow: 0; margin-right: 14px; margin-left: 2px;\">\u00a0<\/div>\n<div style=\"background-color: #f4f4f4; border-radius: 50%; height: 12.5px; width: 12.5px; transform: translateX(9px) translateY(-18px);\">\u00a0<\/div>\n<\/div>\n<div style=\"margin-left: 8px;\">\n<div style=\"background-color: #f4f4f4; border-radius: 50%; flex-grow: 0; height: 20px; width: 20px;\">\u00a0<\/div>\n<div style=\"width: 0; height: 0; border-top: 2px solid transparent; border-left: 6px solid #f4f4f4; border-bottom: 2px solid transparent; transform: translateX(16px) translateY(-4px) rotate(30deg);\">\u00a0<\/div>\n<\/div>\n<div style=\"margin-left: auto;\">\n<div style=\"width: 0px; border-top: 8px solid #F4F4F4; border-right: 8px solid transparent; transform: translateY(16px);\">\u00a0<\/div>\n<div style=\"background-color: #f4f4f4; flex-grow: 0; height: 12px; width: 16px; transform: translateY(-4px);\">\u00a0<\/div>\n<div style=\"width: 0; height: 0; border-top: 8px solid #F4F4F4; border-left: 8px solid transparent; transform: translateY(-4px) translateX(8px);\">\u00a0<\/div>\n<\/div>\n<\/div>\n<div style=\"display: flex; flex-direction: column; flex-grow: 1; justify-content: center; margin-bottom: 24px;\">\n<div style=\"background-color: #f4f4f4; border-radius: 4px; flex-grow: 0; height: 14px; margin-bottom: 6px; width: 224px;\">\u00a0<\/div>\n<div style=\"background-color: #f4f4f4; border-radius: 4px; flex-grow: 0; height: 14px; width: 144px;\">\u00a0<\/div>\n<\/div>\n<p style=\"color: #c9c8cd; font-family: Arial,sans-serif; font-size: 14px; line-height: 17px; margin-bottom: 0; margin-top: 8px; overflow: hidden; padding: 8px 0 7px; text-align: center; text-overflow: ellipsis; white-space: nowrap;\"><a style=\"color: #c9c8cd; font-family: Arial,sans-serif; font-size: 14px; font-style: normal; font-weight: normal; line-height: 17px; text-decoration: none;\" href=\"https:\/\/www.instagram.com\/reel\/CyobBNwvuUg\/?utm_source=ig_embed&amp;utm_campaign=loading\" target=\"_blank\" rel=\"noopener\">Una publicaci\u00f3n compartida por \u2696\ufe0f Deuterman Law Group \u2696\ufe0f (@deutermanlaw)<\/a><\/p>\n<\/div>\n<\/blockquote>\n<p><script async src=\"\/\/www.instagram.com\/embed.js\"><\/script><\/p>\n\n\n<h4 class=\"wp-block-heading\">Solicitar prestaciones por incapacidad con discapacidades invisibles<\/h4>\n\n\n\n<p><strong><em>Entrevistador:<\/em><\/strong> He o\u00eddo que es la Semana de las Discapacidades Invisibles. \u00bfPuede contarme algo m\u00e1s al respecto?<\/p>\n\n\n\n<p><strong><em>Christine Burnside:<\/em><\/strong> Por supuesto. La Semana de las Discapacidades Invisibles es una semana de sensibilizaci\u00f3n sobre las discapacidades invisibles, que son afecciones m\u00e9dicas que provocan s\u00edntomas graves que no se ven con s\u00f3lo mirar a alguien.<\/p>\n\n\n\n<p><strong><em>Entrevistador:<\/em><\/strong> Bueno, \u00bfqu\u00e9 consejo le dar\u00edas a alguien con una discapacidad invisible que es <a href=\"https:\/\/deutermanlaw.com\/es\/areas-de-practica\/discapacidad-de-la-seguridad-social\/\" target=\"_blank\" rel=\"noreferrer noopener\">solicitar prestaciones de invalidez<\/a>?<\/p>\n\n\n\n<p><strong><em>Christine Burnside:<\/em><\/strong> Creo que lo m\u00e1s importante que puedes hacer es llevar un registro de tus s\u00edntomas, porque alguien no puede verlos con s\u00f3lo mirarte, tu proveedor m\u00e9dico tampoco. Yo no puedo ver si tienes migra\u00f1a o si tienes un dolor intenso por fibromialgia. No puedo ver si tus s\u00edntomas de la enfermedad de Crohn se est\u00e1n agravando, as\u00ed que lleva un diario y luego ll\u00e9valo a tu m\u00e9dico para tener un registro coherente. Tambi\u00e9n es muy dif\u00edcil recordar cu\u00e1ntos brotes tuviste el mes pasado, as\u00ed que an\u00f3talo.<\/p>\n\n\n\n<p><strong><em>Entrevistador:<\/em><\/strong> Pues bien, \u00bfc\u00f3mo podemos apoyar a amigos y familiares que tienen una discapacidad invisible?<\/p>\n\n\n\n<p><strong><em>Christine Burnside:<\/em><\/strong> Creo que lo mejor que puedes hacer es creerles.<\/p>","protected":false},"excerpt":{"rendered":"<p>\u00a0 \u00a0 \u00a0 \u00a0 \u00a0 View this post on Instagram \u00a0 \u00a0 \u00a0 \u00a0 \u00a0 \u00a0 \u00a0 \u00a0 \u00a0 \u00a0 \u00a0 A post shared by \u2696\ufe0f Deuterman Law Group \u2696\ufe0f (@deutermanlaw) Applying for Disability Benefits with Invisible Disabilities Interviewer: I hear it&#8217;s Invisible Disabilities Week. Can you tell me more about that? Christine Burnside: Absolutely. [&hellip;]<\/p>\n","protected":false},"author":26,"featured_media":14487,"comment_status":"closed","ping_status":"closed","sticky":false,"template":"","format":"standard","meta":{"_acf_changed":false,"inline_featured_image":false,"_lmt_disableupdate":"","_lmt_disable":"","_themeisle_gutenberg_block_has_review":false,"footnotes":""},"categories":[57],"tags":[],"class_list":["post-14486","post","type-post","status-publish","format-standard","has-post-thumbnail","hentry","category-social-security-disability"],"acf":[],"modified_by":null,"_links":{"self":[{"href":"https:\/\/deutermanlaw.com\/es\/wp-json\/wp\/v2\/posts\/14486","targetHints":{"allow":["GET"]}}],"collection":[{"href":"https:\/\/deutermanlaw.com\/es\/wp-json\/wp\/v2\/posts"}],"about":[{"href":"https:\/\/deutermanlaw.com\/es\/wp-json\/wp\/v2\/types\/post"}],"author":[{"embeddable":true,"href":"https:\/\/deutermanlaw.com\/es\/wp-json\/wp\/v2\/users\/26"}],"replies":[{"embeddable":true,"href":"https:\/\/deutermanlaw.com\/es\/wp-json\/wp\/v2\/comments?post=14486"}],"version-history":[{"count":0,"href":"https:\/\/deutermanlaw.com\/es\/wp-json\/wp\/v2\/posts\/14486\/revisions"}],"wp:featuredmedia":[{"embeddable":true,"href":"https:\/\/deutermanlaw.com\/es\/wp-json\/wp\/v2\/media\/14487"}],"wp:attachment":[{"href":"https:\/\/deutermanlaw.com\/es\/wp-json\/wp\/v2\/media?parent=14486"}],"wp:term":[{"taxonomy":"category","embeddable":true,"href":"https:\/\/deutermanlaw.com\/es\/wp-json\/wp\/v2\/categories?post=14486"},{"taxonomy":"post_tag","embeddable":true,"href":"https:\/\/deutermanlaw.com\/es\/wp-json\/wp\/v2\/tags?post=14486"}],"curies":[{"name":"wp","href":"https:\/\/api.w.org\/{rel}","templated":true}]}}